{"id":778,"date":"2022-02-04T10:41:39","date_gmt":"2022-02-04T09:41:39","guid":{"rendered":"https:\/\/hotelvillasandonino.it\/?p=778"},"modified":"2025-04-25T19:42:32","modified_gmt":"2025-04-25T17:42:32","slug":"sansepolcro-und-la-verna-zwischen-religion-und-kunst","status":"publish","type":"post","link":"https:\/\/hotelvillasandonino.it\/de\/sansepolcro-und-la-verna-zwischen-religion-und-kunst\/","title":{"rendered":"Sansepolcro und La Verna zwischen Religion und Kunst"},"content":{"rendered":"[vc_row full_width=&#8220;stretch_row&#8220; css=&#8220;.vc_custom_1643631175693{background: #ffffff url(https:\/\/hotelvillasandonino.it\/wp-content\/uploads\/2022\/01\/itinerari-1200&#215;300-1.jpg?id=291) !important;background-position: center !important;background-repeat: no-repeat !important;background-size: cover !important;}&#8220; min_height=&#8220;400px&#8220;][vc_column][\/vc_column][\/vc_row][vc_row css=&#8220;.vc_custom_1643630832910{margin-top: -40px !important;padding-top: 40px !important;background-color: #ffffff !important;}&#8220; el_class=&#8220;corpo&#8220;][vc_column][vc_column_text font_family=&#8220;Arial, Helvetica, sans-serif&#8220; color=&#8220;#444444&#8243; font_size=&#8220;18px&#8220; font_weight=&#8220;400&#8243; line_height=&#8220;30px&#8220; css=&#8220;.vc_custom_1643967647115{margin-bottom: 30px !important;}&#8220;]\n<h3>Vormittag: Heiligtum La Verna und Berg San Francesco<\/h3>\n[\/vc_column_text][vc_column_text css=&#8220;.vc_custom_1643967658503{margin-top: 40px !important;}&#8220; font_family=&#8220;Arial, Helvetica, sans-serif&#8220; color=&#8220;#444444&#8243; font_size=&#8220;12px&#8220; font_weight=&#8220;700&#8243; line_height=&#8220;20px&#8220;]Das Franziskanerheiligtum von La Verna, wenige Kilometer von Chiusi della Verna (Ar) entfernt, ist ber\u00fchmt daf\u00fcr, dass es der Ort war, an dem der heilige Franziskus von Assisi am 17. September 1224 die Stigmata erhielt. Es wurde 1128 im s\u00fcdlichen Teil des Monte Penna erbaut Meter \u00fcber dem Meeresspiegel H\u00f6he beherbergt das Heiligtum zahlreiche Kapellen und Orte des Gebets und der Meditation sowie mehrere Punkte von betr\u00e4chtlicher religi\u00f6ser Bedeutung. Tats\u00e4chlich ist La Verna zu einem Ort der Spiritualit\u00e4t geworden, der in einen mystischen und faszinierenden Kontext eingetaucht ist, ein Kontext, der zum Teil von den Franziskanerm\u00f6nchen durch die Architektur und Kunst des Klosters geschaffen wurde, aber haupts\u00e4chlich von der bereits bestehenden nat\u00fcrlichen Umgebung gestiftet wurde die besondere Gesteinsformation des Berges und die wundersch\u00f6ne Natur, die ihn umgibt. Die Form des Sacro Sasso de La Verna, eine Art gro\u00dfer \u201eZahn\u201c auf dem Apennin-Kamm, erscheint im gesamten Casentino-Tal unverkennbar. Sobald wir uns ihm n\u00e4hern, wird die Klippe, auf deren Spitze das Franziskanerheiligtum errichtet wurde, noch faszinierender erscheinen. Es ist die sogenannte Klippe der Stigmata.<br \/>\nDieser felsige &#8222;Zahn&#8220; ragt aus wundersch\u00f6nen Buchen- und Tannenw\u00e4ldern hervor, W\u00e4lder, die das gesamte Heiligtum umrahmen und uns auf sch\u00f6nen Spazierg\u00e4ngen begleiten. Am sch\u00f6nsten und beliebtesten ist sicherlich der Aufstieg auf die Penna, die Spitze des Berges. Von hier aus er\u00f6ffnet sich ein spektakul\u00e4res Panorama \u00fcber die gesamte Romagna.<br \/>\nIn La Verna k\u00f6nnen Sie ganz besondere naturalistische Kunstwerke sehen: die skulpturalen Wurzeln der majest\u00e4tischen Buchen, die sich an den Boden, aber vor allem an die Felsen klammern.<br \/>\nIn wenigen Zeilen ist es sicherlich nicht m\u00f6glich, einen Ort wie La Verna zu beschreiben und noch mehr seine Mystik, seinen Charme, die Komplexit\u00e4t und Sch\u00f6nheit seiner architektonischen Struktur, die Raffinesse seiner Kunstwerke, die unglaublichen Aussichten, die er bieten kann, zu vermitteln . . .<\/p>\n<p>\u00abIch habe in der Toskana einen sehr ergebenen Berg namens Monte della Vernia, der sehr einsam und wild ist und sich zu gut f\u00fcr diejenigen eignet, die Bu\u00dfe tun wollen, an einem Ort, der von den Menschen entfernt ist, oder f\u00fcr diejenigen, die f\u00fchren wollen ein einsames Leben. Wenn Sie ihn mochten, w\u00fcrde ich Sie gerne Ihnen und Ihren Begleitern f\u00fcr die Gesundheit meiner Seele geben. &#8220;<\/p>\n<p>(Graf Orlando di Chiusi della Verna, bevor er den Berg dem heiligen Franziskus von Assisi schenkte, 1213.)[\/vc_column_text][vc_column_text font_family=&#8220;Arial, Helvetica, sans-serif&#8220; color=&#8220;#444444&#8243; font_size=&#8220;18px&#8220; font_weight=&#8220;400&#8243; line_height=&#8220;30px&#8220; css=&#8220;.vc_custom_1643967668630{margin-top: 50px !important;}&#8220;]\n<h3>Nachmittag: Besuch der Stadt Sansepolcro<\/h3>\n[\/vc_column_text][vc_column_text css=&#8220;.vc_custom_1643967679183{margin-top: 40px !important;}&#8220; font_family=&#8220;Arial, Helvetica, sans-serif&#8220; color=&#8220;#444444&#8243; font_size=&#8220;12px&#8220; font_weight=&#8220;700&#8243; line_height=&#8220;20px&#8220;]Von S\u00fcden oder Norden kommend, empfangen die Glockent\u00fcrme der Kirche San Francesco und der Badia, der heutigen Kathedrale, den Besucher, der in einem Moment eine imagin\u00e4re Reise durch die von Piero della Francesca in seinen Werken gemalten Architekturen nachvollzieht. Die Stadt Sansepolcro, die sich um die gro\u00dfe Benediktinerabtei herum entwickelt hat, hat ihre mittelalterliche Stadtstruktur fast unver\u00e4ndert beibehalten und wurde im Laufe der Jahrhunderte durch sch\u00f6ne Renaissance- und Barockgeb\u00e4ude bereichert. Geburtsort von Piero della Francesca, es bewahrt die Erinnerung an den biturgischen Meister im Stadtmuseum. Werke wie die komplexe und symbolische Auferstehung, das Polyptychon der Barmherzigkeit, San Giuliano und San Ludovico zeugen vom Genie des K\u00fcnstlers der Fr\u00fchrenaissance. Im Dom von besonderem Interesse ist das \u201eHeilige Antlitz\u201c, ein h\u00f6lzernes Kruzifix aus karolingischer Zeit. Neben der Kathedrale befindet sich der Palazzo delle Laudi im manieristischen Stil, heute Sitz der Gemeinde. Andere k\u00fcnstlerische Zeugnisse der Stadt sind durch ihr historisches Zentrum sichtbar: Kirche Santa Maria delle Grazie, Kirche San Francesco. Vers\u00e4umen Sie nicht, die Kirche San Lorenzo zu besuchen, in der sich eine Tafel von Rosso Fiorentino befindet, die die Kreuzabnahme darstellt. Das Herz des historischen Zentrums ist der Platz Torre di Berta, wo am zweiten Sonntag im September der traditionelle Palio della Balestra stattfindet \u2013 die Kost\u00fcme der Statisten sind von den Gem\u00e4lden von Piero della Francesca inspiriert.[\/vc_column_text][\/vc_column][\/vc_row]\n","protected":false},"excerpt":{"rendered":"<p>[vc_row full_width=&#8220;stretch_row&#8220; css=&#8220;.vc_custom_1643631175693{background: #ffffff url(https:\/\/hotelvillasandonino.it\/wp-content\/uploads\/2022\/01\/itinerari-1200&#215;300-1.jpg?id=291) !important;background-position: center !important;background-repeat: no-repeat !important;background-size: cover !important;}&#8220; min_height=&#8220;400px&#8220;][vc_column][\/vc_column][\/vc_row][vc_row css=&#8220;.vc_custom_1643630832910{margin-top: -40px !important;padding-top: 40px !important;background-color: #ffffff !important;}&#8220; el_class=&#8220;corpo&#8220;][vc_column][vc_column_text font_family=&#8220;Arial, Helvetica, sans-serif&#8220; color=&#8220;#444444&#8243; font_size=&#8220;18px&#8220; font_weight=&#8220;400&#8243; line_height=&#8220;30px&#8220; css=&#8220;.vc_custom_1643967647115{margin-bottom: 30px !important;}&#8220;] Vormittag: Heiligtum La Verna und Berg San Francesco [\/vc_column_text][vc_column_text css=&#8220;.vc_custom_1643967658503{margin-top: 40px !important;}&#8220; font_family=&#8220;Arial, Helvetica, sans-serif&#8220; color=&#8220;#444444&#8243; font_size=&#8220;12px&#8220; font_weight=&#8220;700&#8243; line_height=&#8220;20px&#8220;]Das Franziskanerheiligtum von La Verna, wenige&hellip;<\/p>\n","protected":false},"author":1,"featured_media":776,"comment_status":"closed","ping_status":"open","sticky":false,"template":"","format":"standard","meta":{"footnotes":""},"categories":[20],"tags":[],"post_series":[],"class_list":["post-778","post","type-post","status-publish","format-standard","has-post-thumbnail","hentry","category-reiserouten","entry","has-media"],"yoast_head":"<!-- This site is optimized with the Yoast SEO plugin v26.7 - https:\/\/yoast.com\/wordpress\/plugins\/seo\/ -->\n<title>Sansepolcro und La Verna zwischen Religion und Kunst - Villa San Donino<\/title>\n<meta name=\"robots\" content=\"index, follow, max-snippet:-1, max-image-preview:large, max-video-preview:-1\" \/>\n<link rel=\"canonical\" href=\"https:\/\/hotelvillasandonino.it\/de\/sansepolcro-und-la-verna-zwischen-religion-und-kunst\/\" \/>\n<meta property=\"og:locale\" content=\"de_DE\" \/>\n<meta property=\"og:type\" content=\"article\" \/>\n<meta property=\"og:title\" content=\"Sansepolcro und La Verna zwischen Religion und Kunst - Villa San Donino\" \/>\n<meta property=\"og:description\" content=\"[vc_row full_width=&#8220;stretch_row&#8220; css=&#8220;.vc_custom_1643631175693{background: #ffffff url(https:\/\/hotelvillasandonino.it\/wp-content\/uploads\/2022\/01\/itinerari-1200&#215;300-1.jpg?id=291) !important;background-position: center !important;background-repeat: no-repeat !important;background-size: cover !important;}&#8220; min_height=&#8220;400px&#8220;][vc_column][\/vc_column][\/vc_row][vc_row css=&#8220;.vc_custom_1643630832910{margin-top: -40px !important;padding-top: 40px !important;background-color: #ffffff !important;}&#8220; el_class=&#8220;corpo&#8220;][vc_column][vc_column_text font_family=&#8220;Arial, Helvetica, sans-serif&#8220; color=&#8220;#444444&#8243; font_size=&#8220;18px&#8220; font_weight=&#8220;400&#8243; line_height=&#8220;30px&#8220; css=&#8220;.vc_custom_1643967647115{margin-bottom: 30px !important;}&#8220;] Vormittag: Heiligtum La Verna und Berg San Francesco [\/vc_column_text][vc_column_text css=&#8220;.vc_custom_1643967658503{margin-top: 40px !important;}&#8220; font_family=&#8220;Arial, Helvetica, sans-serif&#8220; color=&#8220;#444444&#8243; font_size=&#8220;12px&#8220; font_weight=&#8220;700&#8243; line_height=&#8220;20px&#8220;]Das Franziskanerheiligtum von La Verna, wenige&hellip;\" \/>\n<meta property=\"og:url\" content=\"https:\/\/hotelvillasandonino.it\/de\/sansepolcro-und-la-verna-zwischen-religion-und-kunst\/\" \/>\n<meta property=\"og:site_name\" content=\"Villa San Donino\" \/>\n<meta property=\"article:published_time\" content=\"2022-02-04T09:41:39+00:00\" \/>\n<meta property=\"article:modified_time\" content=\"2025-04-25T17:42:32+00:00\" \/>\n<meta property=\"og:image\" content=\"https:\/\/hotelvillasandonino.it\/wp-content\/uploads\/2022\/01\/itinerari-1200x300-1.jpg\" \/>\n\t<meta property=\"og:image:width\" content=\"1200\" \/>\n\t<meta property=\"og:image:height\" content=\"300\" \/>\n\t<meta property=\"og:image:type\" content=\"image\/jpeg\" \/>\n<meta name=\"author\" content=\"michele\" \/>\n<meta name=\"twitter:card\" content=\"summary_large_image\" \/>\n<meta name=\"twitter:label1\" content=\"Verfasst von\" \/>\n\t<meta name=\"twitter:data1\" content=\"michele\" \/>\n\t<meta name=\"twitter:label2\" content=\"Gesch\u00e4tzte Lesezeit\" \/>\n\t<meta name=\"twitter:data2\" content=\"4\u00a0Minuten\" \/>\n<script type=\"application\/ld+json\" class=\"yoast-schema-graph\">{\"@context\":\"https:\/\/schema.org\",\"@graph\":[{\"@type\":\"Article\",\"@id\":\"https:\/\/hotelvillasandonino.it\/de\/sansepolcro-und-la-verna-zwischen-religion-und-kunst\/#article\",\"isPartOf\":{\"@id\":\"https:\/\/hotelvillasandonino.it\/de\/sansepolcro-und-la-verna-zwischen-religion-und-kunst\/\"},\"author\":{\"name\":\"michele\",\"@id\":\"https:\/\/hotelvillasandonino.it\/#\/schema\/person\/cffb3d8bfb66480dafcc848c376fae82\"},\"headline\":\"Sansepolcro und La Verna zwischen Religion und Kunst\",\"datePublished\":\"2022-02-04T09:41:39+00:00\",\"dateModified\":\"2025-04-25T17:42:32+00:00\",\"mainEntityOfPage\":{\"@id\":\"https:\/\/hotelvillasandonino.it\/de\/sansepolcro-und-la-verna-zwischen-religion-und-kunst\/\"},\"wordCount\":823,\"publisher\":{\"@id\":\"https:\/\/hotelvillasandonino.it\/#organization\"},\"image\":{\"@id\":\"https:\/\/hotelvillasandonino.it\/de\/sansepolcro-und-la-verna-zwischen-religion-und-kunst\/#primaryimage\"},\"thumbnailUrl\":\"https:\/\/hotelvillasandonino.it\/wp-content\/uploads\/2022\/01\/itinerari-1200x300-1.jpg\",\"articleSection\":[\"Reiserouten\"],\"inLanguage\":\"de\"},{\"@type\":\"WebPage\",\"@id\":\"https:\/\/hotelvillasandonino.it\/de\/sansepolcro-und-la-verna-zwischen-religion-und-kunst\/\",\"url\":\"https:\/\/hotelvillasandonino.it\/de\/sansepolcro-und-la-verna-zwischen-religion-und-kunst\/\",\"name\":\"Sansepolcro und La Verna zwischen Religion und Kunst - Villa San Donino\",\"isPartOf\":{\"@id\":\"https:\/\/hotelvillasandonino.it\/#website\"},\"primaryImageOfPage\":{\"@id\":\"https:\/\/hotelvillasandonino.it\/de\/sansepolcro-und-la-verna-zwischen-religion-und-kunst\/#primaryimage\"},\"image\":{\"@id\":\"https:\/\/hotelvillasandonino.it\/de\/sansepolcro-und-la-verna-zwischen-religion-und-kunst\/#primaryimage\"},\"thumbnailUrl\":\"https:\/\/hotelvillasandonino.it\/wp-content\/uploads\/2022\/01\/itinerari-1200x300-1.jpg\",\"datePublished\":\"2022-02-04T09:41:39+00:00\",\"dateModified\":\"2025-04-25T17:42:32+00:00\",\"breadcrumb\":{\"@id\":\"https:\/\/hotelvillasandonino.it\/de\/sansepolcro-und-la-verna-zwischen-religion-und-kunst\/#breadcrumb\"},\"inLanguage\":\"de\",\"potentialAction\":[{\"@type\":\"ReadAction\",\"target\":[\"https:\/\/hotelvillasandonino.it\/de\/sansepolcro-und-la-verna-zwischen-religion-und-kunst\/\"]}]},{\"@type\":\"ImageObject\",\"inLanguage\":\"de\",\"@id\":\"https:\/\/hotelvillasandonino.it\/de\/sansepolcro-und-la-verna-zwischen-religion-und-kunst\/#primaryimage\",\"url\":\"https:\/\/hotelvillasandonino.it\/wp-content\/uploads\/2022\/01\/itinerari-1200x300-1.jpg\",\"contentUrl\":\"https:\/\/hotelvillasandonino.it\/wp-content\/uploads\/2022\/01\/itinerari-1200x300-1.jpg\",\"width\":1200,\"height\":300},{\"@type\":\"BreadcrumbList\",\"@id\":\"https:\/\/hotelvillasandonino.it\/de\/sansepolcro-und-la-verna-zwischen-religion-und-kunst\/#breadcrumb\",\"itemListElement\":[{\"@type\":\"ListItem\",\"position\":1,\"name\":\"Home\",\"item\":\"https:\/\/hotelvillasandonino.it\/\"},{\"@type\":\"ListItem\",\"position\":2,\"name\":\"Sansepolcro und La Verna zwischen Religion und Kunst\"}]},{\"@type\":\"WebSite\",\"@id\":\"https:\/\/hotelvillasandonino.it\/#website\",\"url\":\"https:\/\/hotelvillasandonino.it\/\",\"name\":\"Villa San Donino\",\"description\":\"\",\"publisher\":{\"@id\":\"https:\/\/hotelvillasandonino.it\/#organization\"},\"potentialAction\":[{\"@type\":\"SearchAction\",\"target\":{\"@type\":\"EntryPoint\",\"urlTemplate\":\"https:\/\/hotelvillasandonino.it\/?s={search_term_string}\"},\"query-input\":{\"@type\":\"PropertyValueSpecification\",\"valueRequired\":true,\"valueName\":\"search_term_string\"}}],\"inLanguage\":\"de\"},{\"@type\":\"Organization\",\"@id\":\"https:\/\/hotelvillasandonino.it\/#organization\",\"name\":\"Villa San Donino\",\"url\":\"https:\/\/hotelvillasandonino.it\/\",\"logo\":{\"@type\":\"ImageObject\",\"inLanguage\":\"de\",\"@id\":\"https:\/\/hotelvillasandonino.it\/#\/schema\/logo\/image\/\",\"url\":\"https:\/\/hotelvillasandonino.it\/wp-content\/uploads\/2022\/01\/logo-villa-san-donino.png\",\"contentUrl\":\"https:\/\/hotelvillasandonino.it\/wp-content\/uploads\/2022\/01\/logo-villa-san-donino.png\",\"width\":200,\"height\":200,\"caption\":\"Villa San Donino\"},\"image\":{\"@id\":\"https:\/\/hotelvillasandonino.it\/#\/schema\/logo\/image\/\"}},{\"@type\":\"Person\",\"@id\":\"https:\/\/hotelvillasandonino.it\/#\/schema\/person\/cffb3d8bfb66480dafcc848c376fae82\",\"name\":\"michele\",\"image\":{\"@type\":\"ImageObject\",\"inLanguage\":\"de\",\"@id\":\"https:\/\/hotelvillasandonino.it\/#\/schema\/person\/image\/\",\"url\":\"https:\/\/secure.gravatar.com\/avatar\/99800aaba406273e24b69ddb7834c007455d0162530f8f470d1cb0ecf1e51da9?s=96&d=mm&r=g\",\"contentUrl\":\"https:\/\/secure.gravatar.com\/avatar\/99800aaba406273e24b69ddb7834c007455d0162530f8f470d1cb0ecf1e51da9?s=96&d=mm&r=g\",\"caption\":\"michele\"},\"sameAs\":[\"https:\/\/hotelvillasandonino.it\"],\"url\":\"https:\/\/hotelvillasandonino.it\/de\/author\/michele\/\"}]}<\/script>\n<!-- \/ Yoast SEO plugin. -->","yoast_head_json":{"title":"Sansepolcro und La Verna zwischen Religion und Kunst - Villa San Donino","robots":{"index":"index","follow":"follow","max-snippet":"max-snippet:-1","max-image-preview":"max-image-preview:large","max-video-preview":"max-video-preview:-1"},"canonical":"https:\/\/hotelvillasandonino.it\/de\/sansepolcro-und-la-verna-zwischen-religion-und-kunst\/","og_locale":"de_DE","og_type":"article","og_title":"Sansepolcro und La Verna zwischen Religion und Kunst - Villa San Donino","og_description":"[vc_row full_width=&#8220;stretch_row&#8220; css=&#8220;.vc_custom_1643631175693{background: #ffffff url(https:\/\/hotelvillasandonino.it\/wp-content\/uploads\/2022\/01\/itinerari-1200&#215;300-1.jpg?id=291) !important;background-position: center !important;background-repeat: no-repeat !important;background-size: cover !important;}&#8220; min_height=&#8220;400px&#8220;][vc_column][\/vc_column][\/vc_row][vc_row css=&#8220;.vc_custom_1643630832910{margin-top: -40px !important;padding-top: 40px !important;background-color: #ffffff !important;}&#8220; el_class=&#8220;corpo&#8220;][vc_column][vc_column_text font_family=&#8220;Arial, Helvetica, sans-serif&#8220; color=&#8220;#444444&#8243; font_size=&#8220;18px&#8220; font_weight=&#8220;400&#8243; line_height=&#8220;30px&#8220; css=&#8220;.vc_custom_1643967647115{margin-bottom: 30px !important;}&#8220;] Vormittag: Heiligtum La Verna und Berg San Francesco [\/vc_column_text][vc_column_text css=&#8220;.vc_custom_1643967658503{margin-top: 40px !important;}&#8220; font_family=&#8220;Arial, Helvetica, sans-serif&#8220; color=&#8220;#444444&#8243; font_size=&#8220;12px&#8220; font_weight=&#8220;700&#8243; line_height=&#8220;20px&#8220;]Das Franziskanerheiligtum von La Verna, wenige&hellip;","og_url":"https:\/\/hotelvillasandonino.it\/de\/sansepolcro-und-la-verna-zwischen-religion-und-kunst\/","og_site_name":"Villa San Donino","article_published_time":"2022-02-04T09:41:39+00:00","article_modified_time":"2025-04-25T17:42:32+00:00","og_image":[{"width":1200,"height":300,"url":"https:\/\/hotelvillasandonino.it\/wp-content\/uploads\/2022\/01\/itinerari-1200x300-1.jpg","type":"image\/jpeg"}],"author":"michele","twitter_card":"summary_large_image","twitter_misc":{"Verfasst von":"michele","Gesch\u00e4tzte Lesezeit":"4\u00a0Minuten"},"schema":{"@context":"https:\/\/schema.org","@graph":[{"@type":"Article","@id":"https:\/\/hotelvillasandonino.it\/de\/sansepolcro-und-la-verna-zwischen-religion-und-kunst\/#article","isPartOf":{"@id":"https:\/\/hotelvillasandonino.it\/de\/sansepolcro-und-la-verna-zwischen-religion-und-kunst\/"},"author":{"name":"michele","@id":"https:\/\/hotelvillasandonino.it\/#\/schema\/person\/cffb3d8bfb66480dafcc848c376fae82"},"headline":"Sansepolcro und La Verna zwischen Religion und Kunst","datePublished":"2022-02-04T09:41:39+00:00","dateModified":"2025-04-25T17:42:32+00:00","mainEntityOfPage":{"@id":"https:\/\/hotelvillasandonino.it\/de\/sansepolcro-und-la-verna-zwischen-religion-und-kunst\/"},"wordCount":823,"publisher":{"@id":"https:\/\/hotelvillasandonino.it\/#organization"},"image":{"@id":"https:\/\/hotelvillasandonino.it\/de\/sansepolcro-und-la-verna-zwischen-religion-und-kunst\/#primaryimage"},"thumbnailUrl":"https:\/\/hotelvillasandonino.it\/wp-content\/uploads\/2022\/01\/itinerari-1200x300-1.jpg","articleSection":["Reiserouten"],"inLanguage":"de"},{"@type":"WebPage","@id":"https:\/\/hotelvillasandonino.it\/de\/sansepolcro-und-la-verna-zwischen-religion-und-kunst\/","url":"https:\/\/hotelvillasandonino.it\/de\/sansepolcro-und-la-verna-zwischen-religion-und-kunst\/","name":"Sansepolcro und La Verna zwischen Religion und Kunst - Villa San Donino","isPartOf":{"@id":"https:\/\/hotelvillasandonino.it\/#website"},"primaryImageOfPage":{"@id":"https:\/\/hotelvillasandonino.it\/de\/sansepolcro-und-la-verna-zwischen-religion-und-kunst\/#primaryimage"},"image":{"@id":"https:\/\/hotelvillasandonino.it\/de\/sansepolcro-und-la-verna-zwischen-religion-und-kunst\/#primaryimage"},"thumbnailUrl":"https:\/\/hotelvillasandonino.it\/wp-content\/uploads\/2022\/01\/itinerari-1200x300-1.jpg","datePublished":"2022-02-04T09:41:39+00:00","dateModified":"2025-04-25T17:42:32+00:00","breadcrumb":{"@id":"https:\/\/hotelvillasandonino.it\/de\/sansepolcro-und-la-verna-zwischen-religion-und-kunst\/#breadcrumb"},"inLanguage":"de","potentialAction":[{"@type":"ReadAction","target":["https:\/\/hotelvillasandonino.it\/de\/sansepolcro-und-la-verna-zwischen-religion-und-kunst\/"]}]},{"@type":"ImageObject","inLanguage":"de","@id":"https:\/\/hotelvillasandonino.it\/de\/sansepolcro-und-la-verna-zwischen-religion-und-kunst\/#primaryimage","url":"https:\/\/hotelvillasandonino.it\/wp-content\/uploads\/2022\/01\/itinerari-1200x300-1.jpg","contentUrl":"https:\/\/hotelvillasandonino.it\/wp-content\/uploads\/2022\/01\/itinerari-1200x300-1.jpg","width":1200,"height":300},{"@type":"BreadcrumbList","@id":"https:\/\/hotelvillasandonino.it\/de\/sansepolcro-und-la-verna-zwischen-religion-und-kunst\/#breadcrumb","itemListElement":[{"@type":"ListItem","position":1,"name":"Home","item":"https:\/\/hotelvillasandonino.it\/"},{"@type":"ListItem","position":2,"name":"Sansepolcro und La Verna zwischen Religion und Kunst"}]},{"@type":"WebSite","@id":"https:\/\/hotelvillasandonino.it\/#website","url":"https:\/\/hotelvillasandonino.it\/","name":"Villa San Donino","description":"","publisher":{"@id":"https:\/\/hotelvillasandonino.it\/#organization"},"potentialAction":[{"@type":"SearchAction","target":{"@type":"EntryPoint","urlTemplate":"https:\/\/hotelvillasandonino.it\/?s={search_term_string}"},"query-input":{"@type":"PropertyValueSpecification","valueRequired":true,"valueName":"search_term_string"}}],"inLanguage":"de"},{"@type":"Organization","@id":"https:\/\/hotelvillasandonino.it\/#organization","name":"Villa San Donino","url":"https:\/\/hotelvillasandonino.it\/","logo":{"@type":"ImageObject","inLanguage":"de","@id":"https:\/\/hotelvillasandonino.it\/#\/schema\/logo\/image\/","url":"https:\/\/hotelvillasandonino.it\/wp-content\/uploads\/2022\/01\/logo-villa-san-donino.png","contentUrl":"https:\/\/hotelvillasandonino.it\/wp-content\/uploads\/2022\/01\/logo-villa-san-donino.png","width":200,"height":200,"caption":"Villa San Donino"},"image":{"@id":"https:\/\/hotelvillasandonino.it\/#\/schema\/logo\/image\/"}},{"@type":"Person","@id":"https:\/\/hotelvillasandonino.it\/#\/schema\/person\/cffb3d8bfb66480dafcc848c376fae82","name":"michele","image":{"@type":"ImageObject","inLanguage":"de","@id":"https:\/\/hotelvillasandonino.it\/#\/schema\/person\/image\/","url":"https:\/\/secure.gravatar.com\/avatar\/99800aaba406273e24b69ddb7834c007455d0162530f8f470d1cb0ecf1e51da9?s=96&d=mm&r=g","contentUrl":"https:\/\/secure.gravatar.com\/avatar\/99800aaba406273e24b69ddb7834c007455d0162530f8f470d1cb0ecf1e51da9?s=96&d=mm&r=g","caption":"michele"},"sameAs":["https:\/\/hotelvillasandonino.it"],"url":"https:\/\/hotelvillasandonino.it\/de\/author\/michele\/"}]}},"_links":{"self":[{"href":"https:\/\/hotelvillasandonino.it\/de\/wp-json\/wp\/v2\/posts\/778","targetHints":{"allow":["GET"]}}],"collection":[{"href":"https:\/\/hotelvillasandonino.it\/de\/wp-json\/wp\/v2\/posts"}],"about":[{"href":"https:\/\/hotelvillasandonino.it\/de\/wp-json\/wp\/v2\/types\/post"}],"author":[{"embeddable":true,"href":"https:\/\/hotelvillasandonino.it\/de\/wp-json\/wp\/v2\/users\/1"}],"replies":[{"embeddable":true,"href":"https:\/\/hotelvillasandonino.it\/de\/wp-json\/wp\/v2\/comments?post=778"}],"version-history":[{"count":2,"href":"https:\/\/hotelvillasandonino.it\/de\/wp-json\/wp\/v2\/posts\/778\/revisions"}],"predecessor-version":[{"id":780,"href":"https:\/\/hotelvillasandonino.it\/de\/wp-json\/wp\/v2\/posts\/778\/revisions\/780"}],"wp:featuredmedia":[{"embeddable":true,"href":"https:\/\/hotelvillasandonino.it\/de\/wp-json\/wp\/v2\/media\/776"}],"wp:attachment":[{"href":"https:\/\/hotelvillasandonino.it\/de\/wp-json\/wp\/v2\/media?parent=778"}],"wp:term":[{"taxonomy":"category","embeddable":true,"href":"https:\/\/hotelvillasandonino.it\/de\/wp-json\/wp\/v2\/categories?post=778"},{"taxonomy":"post_tag","embeddable":true,"href":"https:\/\/hotelvillasandonino.it\/de\/wp-json\/wp\/v2\/tags?post=778"},{"taxonomy":"post_series","embeddable":true,"href":"https:\/\/hotelvillasandonino.it\/de\/wp-json\/wp\/v2\/post_series?post=778"}],"curies":[{"name":"wp","href":"https:\/\/api.w.org\/{rel}","templated":true}]}}